{"id":2500,"date":"2020-08-28T13:10:00","date_gmt":"2020-08-28T16:10:00","guid":{"rendered":"http:\/\/fleitas.com.uy\/?p=2500"},"modified":"2020-08-31T13:10:10","modified_gmt":"2020-08-31T16:10:10","slug":"internacionalizacion-de-las-empresas-uruguayas","status":"publish","type":"post","link":"https:\/\/fleitas.com.uy\/en\/internacionalizacion-de-las-empresas-uruguayas\/","title":{"rendered":"Internacionalizaci\u00f3n de las empresas uruguayas"},"content":{"rendered":"\n<h2 class=\"wp-block-heading\">Jueves 3 de setiembre a las 8:30 hs por Zoom<\/h2>\n\n\n\n<p><strong>Roberto\u00a0Rosenblatt, MBA, presentar\u00e1 la posibilidad de que las empresas uruguayas intervengan en otros mercados.\u00a0<\/strong><\/p>\n\n\n\n<p><strong>Dirigido a:<\/strong> Personas interesadas en gesti\u00f3n, marketing y comercio internacional.<br><strong>Organiza:<\/strong> Escuela de Postgrados en negocios.<\/p>\n\n\n\n<p>Uruguay es un mercado extremadamente peque\u00f1o de consumidores. A priori, no deber\u00eda existir ninguna limitaci\u00f3n para que las empresas uruguayas se limiten a operar \u00fanicamente en nuestro mercado interno.<\/p>\n\n\n\n<p>Rosenblatt presentar\u00e1 experiencias de investigaci\u00f3n, implantaci\u00f3n y supervivencia en mercados extranjeros.<\/p>\n\n\n\n<p>Este evento tiene la finalidad de presentar a nuestras empresas las distintas razones para explorar la posibilidad de invertir en otros mercados, as\u00ed como una infinidad de experiencias de investigaci\u00f3n, implantaci\u00f3n y supervivencia en mercados extranjeros.<\/p>\n\n\n\n<p><strong>Una vez registrado se le enviar\u00e1 por mail la invitaci\u00f3n al evento v\u00eda Zoom<\/strong>.<\/p>\n\n\n\n<div class=\"wp-block-button\"><a class=\"wp-block-button__link has-background has-vivid-red-background-color no-border-radius\" href=\"https:\/\/docs.google.com\/forms\/d\/e\/1FAIpQLSfv4zbRIBW-dpfJ466l8-Wm2aMAa16sU7oUyfFpF_XxXgV5ng\/viewform\" target=\"_blank\" rel=\"noreferrer noopener\">REGISTRO PARA VER LA CONFERENCIA ONLINE<\/a><\/div>\n\n\n\n<hr class=\"wp-block-separator is-style-wide\"\/>\n\n\n\n<p class=\"has-small-font-size\"><strong>MBA Roberto Rosenblatt<\/strong><\/p>\n\n\n\n<p class=\"has-small-font-size\">Master en Administraci\u00f3n de Empresas de la Universidad ORT Uruguay. Ingeniero aeron\u00e1utico, Facultad de Ingener\u00eda de la Universidad de la Rep\u00fablica y el Israel Institute of Technology. Ejerci\u00f3 la docencia como profesor de Luminotecnia en la Facultad de Arquitectura de la Universidad ORT Uruguay. Como gerente de Desarrollo de Nuevos Productos en Conatel SA, en 1986 fue el responsable del posicionamiento comercial en Brasil.<\/p>\n\n\n\n<p class=\"has-small-font-size\">En 1982 lider\u00f3 el desarrollo de varias familias de productos, destinadas al mercado internacional, que se lanzaron posteriormente en la Feria de Hannover, Alemania,&nbsp; permiti\u00e9ndoles su r\u00e1pida expansi\u00f3n a varios pa\u00edses.<\/p>\n\n\n\n<p class=\"has-small-font-size\">Junto con el ingeniero Daniel Ascher, en 1990 fund\u00f3 Darko Lighting, empresa especialista en el suministro de proyectos de iluminaci\u00f3n t\u00e9cnica y sistemas de control.<\/p>\n\n\n\n<p class=\"has-small-font-size\">En el 2002 comenz\u00f3 la internacionalizaci\u00f3n de Darko Lighting, instalando filiales en Costa Rica, Argentina, Espa\u00f1a, Colombia y M\u00e9xico.<\/p>\n\n\n\n<hr class=\"wp-block-separator is-style-wide\"\/>\n\n\n\n<p class=\"has-small-font-size\">Fuente: <a href=\"https:\/\/www.ort.edu.uy\/\" target=\"_blank\" rel=\"noreferrer noopener\" aria-label=\"Universidad ORT (se abre en una nueva pesta\u00f1a)\">Universidad ORT<\/a><\/p>\n","protected":false},"excerpt":{"rendered":"<p>Jueves 3 de setiembre a las 8:30 hs por Zoom Roberto\u00a0Rosenblatt, MBA, presentar\u00e1 la posibilidad de que las empresas uruguayas intervengan en otros mercados.\u00a0 Dirigido a: Personas interesadas en gesti\u00f3n, marketing y comercio internacional.Organiza: Escuela de Postgrados en negocios. Uruguay es un mercado extremadamente peque\u00f1o de consumidores. A priori, no deber\u00eda existir ninguna limitaci\u00f3n para&hellip;<\/p>\n","protected":false},"author":1,"featured_media":2509,"comment_status":"closed","ping_status":"closed","sticky":false,"template":"","format":"standard","meta":{"inline_featured_image":false,"ngg_post_thumbnail":0,"footnotes":""},"categories":[6],"tags":[102,157,103,158,79],"class_list":["post-2500","post","type-post","status-publish","format-standard","has-post-thumbnail","hentry","category-noticias","tag-conferencia","tag-online","tag-ort","tag-roberto-rosenblatt","tag-uruguay","entry","has-media"],"yoast_head":"<!-- This site is optimized with the Yoast SEO plugin v27.4 - https:\/\/yoast.com\/product\/yoast-seo-wordpress\/ -->\n<title>Internacionalizaci\u00f3n de las empresas uruguayas - Abel Fleitas D\u00edaz &amp; Cia.<\/title>\n<meta name=\"robots\" content=\"index, follow, max-snippet:-1, max-image-preview:large, max-video-preview:-1\" \/>\n<link rel=\"canonical\" href=\"https:\/\/fleitas.com.uy\/internacionalizacion-de-las-empresas-uruguayas\/\" \/>\n<meta property=\"og:locale\" content=\"en_US\" \/>\n<meta property=\"og:type\" content=\"article\" \/>\n<meta property=\"og:title\" content=\"Internacionalizaci\u00f3n de las empresas uruguayas - Abel Fleitas D\u00edaz &amp; Cia.\" \/>\n<meta property=\"og:description\" content=\"Jueves 3 de setiembre a las 8:30 hs por Zoom Roberto\u00a0Rosenblatt, MBA, presentar\u00e1 la posibilidad de que las empresas uruguayas intervengan en otros mercados.\u00a0 Dirigido a: Personas interesadas en gesti\u00f3n, marketing y comercio internacional.Organiza: Escuela de Postgrados en negocios. Uruguay es un mercado extremadamente peque\u00f1o de consumidores. A priori, no deber\u00eda existir ninguna limitaci\u00f3n para&hellip;\" \/>\n<meta property=\"og:url\" content=\"https:\/\/fleitas.com.uy\/internacionalizacion-de-las-empresas-uruguayas\/\" \/>\n<meta property=\"og:site_name\" content=\"Abel Fleitas D\u00edaz &amp; Cia.\" \/>\n<meta property=\"article:publisher\" content=\"https:\/\/www.facebook.com\/Abel-Fleitas-D%c3%adaz-C%c3%ada-Despachantes-de-Aduana-553754364759931\/\" \/>\n<meta property=\"article:published_time\" content=\"2020-08-28T16:10:00+00:00\" \/>\n<meta property=\"article:modified_time\" content=\"2020-08-31T16:10:10+00:00\" \/>\n<meta property=\"og:image\" content=\"https:\/\/fleitas.com.uy\/wp-content\/uploads\/2020\/08\/destacada-20-08-28.jpg\" \/>\n\t<meta property=\"og:image:width\" content=\"1600\" \/>\n\t<meta property=\"og:image:height\" content=\"900\" \/>\n\t<meta property=\"og:image:type\" content=\"image\/jpeg\" \/>\n<meta name=\"author\" content=\"cmwebmaster\" \/>\n<meta name=\"twitter:card\" content=\"summary_large_image\" \/>\n<meta name=\"twitter:label1\" content=\"Written by\" \/>\n\t<meta name=\"twitter:data1\" content=\"cmwebmaster\" \/>\n\t<meta name=\"twitter:label2\" content=\"Est. reading time\" \/>\n\t<meta name=\"twitter:data2\" content=\"2 minutes\" \/>\n<script type=\"application\/ld+json\" class=\"yoast-schema-graph\">{\"@context\":\"https:\\\/\\\/schema.org\",\"@graph\":[{\"@type\":\"Article\",\"@id\":\"https:\\\/\\\/fleitas.com.uy\\\/internacionalizacion-de-las-empresas-uruguayas\\\/#article\",\"isPartOf\":{\"@id\":\"https:\\\/\\\/fleitas.com.uy\\\/internacionalizacion-de-las-empresas-uruguayas\\\/\"},\"author\":{\"name\":\"cmwebmaster\",\"@id\":\"https:\\\/\\\/fleitas.com.uy\\\/#\\\/schema\\\/person\\\/b99b425ec14d7fa70a8436bb4b391c7c\"},\"headline\":\"Internacionalizaci\u00f3n de las empresas uruguayas\",\"datePublished\":\"2020-08-28T16:10:00+00:00\",\"dateModified\":\"2020-08-31T16:10:10+00:00\",\"mainEntityOfPage\":{\"@id\":\"https:\\\/\\\/fleitas.com.uy\\\/internacionalizacion-de-las-empresas-uruguayas\\\/\"},\"wordCount\":306,\"publisher\":{\"@id\":\"https:\\\/\\\/fleitas.com.uy\\\/#organization\"},\"image\":{\"@id\":\"https:\\\/\\\/fleitas.com.uy\\\/internacionalizacion-de-las-empresas-uruguayas\\\/#primaryimage\"},\"thumbnailUrl\":\"https:\\\/\\\/fleitas.com.uy\\\/wp-content\\\/uploads\\\/2020\\\/08\\\/destacada-20-08-28.jpg\",\"keywords\":[\"conferencia\",\"online\",\"ORT\",\"Roberto Rosenblatt\",\"uruguay\"],\"articleSection\":[\"Noticias\"],\"inLanguage\":\"en-US\"},{\"@type\":\"WebPage\",\"@id\":\"https:\\\/\\\/fleitas.com.uy\\\/internacionalizacion-de-las-empresas-uruguayas\\\/\",\"url\":\"https:\\\/\\\/fleitas.com.uy\\\/internacionalizacion-de-las-empresas-uruguayas\\\/\",\"name\":\"Internacionalizaci\u00f3n de las empresas uruguayas - Abel Fleitas D\u00edaz &amp; Cia.\",\"isPartOf\":{\"@id\":\"https:\\\/\\\/fleitas.com.uy\\\/#website\"},\"primaryImageOfPage\":{\"@id\":\"https:\\\/\\\/fleitas.com.uy\\\/internacionalizacion-de-las-empresas-uruguayas\\\/#primaryimage\"},\"image\":{\"@id\":\"https:\\\/\\\/fleitas.com.uy\\\/internacionalizacion-de-las-empresas-uruguayas\\\/#primaryimage\"},\"thumbnailUrl\":\"https:\\\/\\\/fleitas.com.uy\\\/wp-content\\\/uploads\\\/2020\\\/08\\\/destacada-20-08-28.jpg\",\"datePublished\":\"2020-08-28T16:10:00+00:00\",\"dateModified\":\"2020-08-31T16:10:10+00:00\",\"breadcrumb\":{\"@id\":\"https:\\\/\\\/fleitas.com.uy\\\/internacionalizacion-de-las-empresas-uruguayas\\\/#breadcrumb\"},\"inLanguage\":\"en-US\",\"potentialAction\":[{\"@type\":\"ReadAction\",\"target\":[\"https:\\\/\\\/fleitas.com.uy\\\/internacionalizacion-de-las-empresas-uruguayas\\\/\"]}]},{\"@type\":\"ImageObject\",\"inLanguage\":\"en-US\",\"@id\":\"https:\\\/\\\/fleitas.com.uy\\\/internacionalizacion-de-las-empresas-uruguayas\\\/#primaryimage\",\"url\":\"https:\\\/\\\/fleitas.com.uy\\\/wp-content\\\/uploads\\\/2020\\\/08\\\/destacada-20-08-28.jpg\",\"contentUrl\":\"https:\\\/\\\/fleitas.com.uy\\\/wp-content\\\/uploads\\\/2020\\\/08\\\/destacada-20-08-28.jpg\",\"width\":1600,\"height\":900},{\"@type\":\"BreadcrumbList\",\"@id\":\"https:\\\/\\\/fleitas.com.uy\\\/internacionalizacion-de-las-empresas-uruguayas\\\/#breadcrumb\",\"itemListElement\":[{\"@type\":\"ListItem\",\"position\":1,\"name\":\"Inicio\",\"item\":\"https:\\\/\\\/fleitas.com.uy\\\/en\\\/\"},{\"@type\":\"ListItem\",\"position\":2,\"name\":\"Internacionalizaci\u00f3n de las empresas uruguayas\"}]},{\"@type\":\"WebSite\",\"@id\":\"https:\\\/\\\/fleitas.com.uy\\\/#website\",\"url\":\"https:\\\/\\\/fleitas.com.uy\\\/\",\"name\":\"Abel Fleitas D\u00edaz &amp; Cia.\",\"description\":\"Despachantes de Aduana en Uruguay\",\"publisher\":{\"@id\":\"https:\\\/\\\/fleitas.com.uy\\\/#organization\"},\"potentialAction\":[{\"@type\":\"SearchAction\",\"target\":{\"@type\":\"EntryPoint\",\"urlTemplate\":\"https:\\\/\\\/fleitas.com.uy\\\/?s={search_term_string}\"},\"query-input\":{\"@type\":\"PropertyValueSpecification\",\"valueRequired\":true,\"valueName\":\"search_term_string\"}}],\"inLanguage\":\"en-US\"},{\"@type\":\"Organization\",\"@id\":\"https:\\\/\\\/fleitas.com.uy\\\/#organization\",\"name\":\"Abel Fleitas D\u00edaz & Cia.\",\"url\":\"https:\\\/\\\/fleitas.com.uy\\\/\",\"logo\":{\"@type\":\"ImageObject\",\"inLanguage\":\"en-US\",\"@id\":\"https:\\\/\\\/fleitas.com.uy\\\/#\\\/schema\\\/logo\\\/image\\\/\",\"url\":\"https:\\\/\\\/fleitas.com.uy\\\/wp-content\\\/uploads\\\/2019\\\/08\\\/logo-fleitas-nr.svg\",\"contentUrl\":\"https:\\\/\\\/fleitas.com.uy\\\/wp-content\\\/uploads\\\/2019\\\/08\\\/logo-fleitas-nr.svg\",\"width\":1,\"height\":1,\"caption\":\"Abel Fleitas D\u00edaz & Cia.\"},\"image\":{\"@id\":\"https:\\\/\\\/fleitas.com.uy\\\/#\\\/schema\\\/logo\\\/image\\\/\"},\"sameAs\":[\"https:\\\/\\\/www.facebook.com\\\/Abel-Fleitas-D\u00edaz-C\u00eda-Despachantes-de-Aduana-553754364759931\\\/\",\"https:\\\/\\\/www.linkedin.com\\\/company\\\/abel-fleitas-diaz-&amp;-c\u00eda-\u2013-despachante-de-aduana-uruguay\"]},{\"@type\":\"Person\",\"@id\":\"https:\\\/\\\/fleitas.com.uy\\\/#\\\/schema\\\/person\\\/b99b425ec14d7fa70a8436bb4b391c7c\",\"name\":\"cmwebmaster\",\"url\":\"https:\\\/\\\/fleitas.com.uy\\\/en\\\/author\\\/cmwebmaster\\\/\"}]}<\/script>\n<!-- \/ Yoast SEO plugin. -->","yoast_head_json":{"title":"Internacionalizaci\u00f3n de las empresas uruguayas - Abel Fleitas D\u00edaz &amp; Cia.","robots":{"index":"index","follow":"follow","max-snippet":"max-snippet:-1","max-image-preview":"max-image-preview:large","max-video-preview":"max-video-preview:-1"},"canonical":"https:\/\/fleitas.com.uy\/internacionalizacion-de-las-empresas-uruguayas\/","og_locale":"en_US","og_type":"article","og_title":"Internacionalizaci\u00f3n de las empresas uruguayas - Abel Fleitas D\u00edaz &amp; Cia.","og_description":"Jueves 3 de setiembre a las 8:30 hs por Zoom Roberto\u00a0Rosenblatt, MBA, presentar\u00e1 la posibilidad de que las empresas uruguayas intervengan en otros mercados.\u00a0 Dirigido a: Personas interesadas en gesti\u00f3n, marketing y comercio internacional.Organiza: Escuela de Postgrados en negocios. Uruguay es un mercado extremadamente peque\u00f1o de consumidores. A priori, no deber\u00eda existir ninguna limitaci\u00f3n para&hellip;","og_url":"https:\/\/fleitas.com.uy\/internacionalizacion-de-las-empresas-uruguayas\/","og_site_name":"Abel Fleitas D\u00edaz &amp; Cia.","article_publisher":"https:\/\/www.facebook.com\/Abel-Fleitas-D%c3%adaz-C%c3%ada-Despachantes-de-Aduana-553754364759931\/","article_published_time":"2020-08-28T16:10:00+00:00","article_modified_time":"2020-08-31T16:10:10+00:00","og_image":[{"width":1600,"height":900,"url":"https:\/\/fleitas.com.uy\/wp-content\/uploads\/2020\/08\/destacada-20-08-28.jpg","type":"image\/jpeg"}],"author":"cmwebmaster","twitter_card":"summary_large_image","twitter_misc":{"Written by":"cmwebmaster","Est. reading time":"2 minutes"},"schema":{"@context":"https:\/\/schema.org","@graph":[{"@type":"Article","@id":"https:\/\/fleitas.com.uy\/internacionalizacion-de-las-empresas-uruguayas\/#article","isPartOf":{"@id":"https:\/\/fleitas.com.uy\/internacionalizacion-de-las-empresas-uruguayas\/"},"author":{"name":"cmwebmaster","@id":"https:\/\/fleitas.com.uy\/#\/schema\/person\/b99b425ec14d7fa70a8436bb4b391c7c"},"headline":"Internacionalizaci\u00f3n de las empresas uruguayas","datePublished":"2020-08-28T16:10:00+00:00","dateModified":"2020-08-31T16:10:10+00:00","mainEntityOfPage":{"@id":"https:\/\/fleitas.com.uy\/internacionalizacion-de-las-empresas-uruguayas\/"},"wordCount":306,"publisher":{"@id":"https:\/\/fleitas.com.uy\/#organization"},"image":{"@id":"https:\/\/fleitas.com.uy\/internacionalizacion-de-las-empresas-uruguayas\/#primaryimage"},"thumbnailUrl":"https:\/\/fleitas.com.uy\/wp-content\/uploads\/2020\/08\/destacada-20-08-28.jpg","keywords":["conferencia","online","ORT","Roberto Rosenblatt","uruguay"],"articleSection":["Noticias"],"inLanguage":"en-US"},{"@type":"WebPage","@id":"https:\/\/fleitas.com.uy\/internacionalizacion-de-las-empresas-uruguayas\/","url":"https:\/\/fleitas.com.uy\/internacionalizacion-de-las-empresas-uruguayas\/","name":"Internacionalizaci\u00f3n de las empresas uruguayas - Abel Fleitas D\u00edaz &amp; Cia.","isPartOf":{"@id":"https:\/\/fleitas.com.uy\/#website"},"primaryImageOfPage":{"@id":"https:\/\/fleitas.com.uy\/internacionalizacion-de-las-empresas-uruguayas\/#primaryimage"},"image":{"@id":"https:\/\/fleitas.com.uy\/internacionalizacion-de-las-empresas-uruguayas\/#primaryimage"},"thumbnailUrl":"https:\/\/fleitas.com.uy\/wp-content\/uploads\/2020\/08\/destacada-20-08-28.jpg","datePublished":"2020-08-28T16:10:00+00:00","dateModified":"2020-08-31T16:10:10+00:00","breadcrumb":{"@id":"https:\/\/fleitas.com.uy\/internacionalizacion-de-las-empresas-uruguayas\/#breadcrumb"},"inLanguage":"en-US","potentialAction":[{"@type":"ReadAction","target":["https:\/\/fleitas.com.uy\/internacionalizacion-de-las-empresas-uruguayas\/"]}]},{"@type":"ImageObject","inLanguage":"en-US","@id":"https:\/\/fleitas.com.uy\/internacionalizacion-de-las-empresas-uruguayas\/#primaryimage","url":"https:\/\/fleitas.com.uy\/wp-content\/uploads\/2020\/08\/destacada-20-08-28.jpg","contentUrl":"https:\/\/fleitas.com.uy\/wp-content\/uploads\/2020\/08\/destacada-20-08-28.jpg","width":1600,"height":900},{"@type":"BreadcrumbList","@id":"https:\/\/fleitas.com.uy\/internacionalizacion-de-las-empresas-uruguayas\/#breadcrumb","itemListElement":[{"@type":"ListItem","position":1,"name":"Inicio","item":"https:\/\/fleitas.com.uy\/en\/"},{"@type":"ListItem","position":2,"name":"Internacionalizaci\u00f3n de las empresas uruguayas"}]},{"@type":"WebSite","@id":"https:\/\/fleitas.com.uy\/#website","url":"https:\/\/fleitas.com.uy\/","name":"Abel Fleitas D\u00edaz &amp; Cia.","description":"Despachantes de Aduana en Uruguay","publisher":{"@id":"https:\/\/fleitas.com.uy\/#organization"},"potentialAction":[{"@type":"SearchAction","target":{"@type":"EntryPoint","urlTemplate":"https:\/\/fleitas.com.uy\/?s={search_term_string}"},"query-input":{"@type":"PropertyValueSpecification","valueRequired":true,"valueName":"search_term_string"}}],"inLanguage":"en-US"},{"@type":"Organization","@id":"https:\/\/fleitas.com.uy\/#organization","name":"Abel Fleitas D\u00edaz & Cia.","url":"https:\/\/fleitas.com.uy\/","logo":{"@type":"ImageObject","inLanguage":"en-US","@id":"https:\/\/fleitas.com.uy\/#\/schema\/logo\/image\/","url":"https:\/\/fleitas.com.uy\/wp-content\/uploads\/2019\/08\/logo-fleitas-nr.svg","contentUrl":"https:\/\/fleitas.com.uy\/wp-content\/uploads\/2019\/08\/logo-fleitas-nr.svg","width":1,"height":1,"caption":"Abel Fleitas D\u00edaz & Cia."},"image":{"@id":"https:\/\/fleitas.com.uy\/#\/schema\/logo\/image\/"},"sameAs":["https:\/\/www.facebook.com\/Abel-Fleitas-D\u00edaz-C\u00eda-Despachantes-de-Aduana-553754364759931\/","https:\/\/www.linkedin.com\/company\/abel-fleitas-diaz-&amp;-c\u00eda-\u2013-despachante-de-aduana-uruguay"]},{"@type":"Person","@id":"https:\/\/fleitas.com.uy\/#\/schema\/person\/b99b425ec14d7fa70a8436bb4b391c7c","name":"cmwebmaster","url":"https:\/\/fleitas.com.uy\/en\/author\/cmwebmaster\/"}]}},"_links":{"self":[{"href":"https:\/\/fleitas.com.uy\/en\/wp-json\/wp\/v2\/posts\/2500","targetHints":{"allow":["GET"]}}],"collection":[{"href":"https:\/\/fleitas.com.uy\/en\/wp-json\/wp\/v2\/posts"}],"about":[{"href":"https:\/\/fleitas.com.uy\/en\/wp-json\/wp\/v2\/types\/post"}],"author":[{"embeddable":true,"href":"https:\/\/fleitas.com.uy\/en\/wp-json\/wp\/v2\/users\/1"}],"replies":[{"embeddable":true,"href":"https:\/\/fleitas.com.uy\/en\/wp-json\/wp\/v2\/comments?post=2500"}],"version-history":[{"count":8,"href":"https:\/\/fleitas.com.uy\/en\/wp-json\/wp\/v2\/posts\/2500\/revisions"}],"predecessor-version":[{"id":2508,"href":"https:\/\/fleitas.com.uy\/en\/wp-json\/wp\/v2\/posts\/2500\/revisions\/2508"}],"wp:featuredmedia":[{"embeddable":true,"href":"https:\/\/fleitas.com.uy\/en\/wp-json\/wp\/v2\/media\/2509"}],"wp:attachment":[{"href":"https:\/\/fleitas.com.uy\/en\/wp-json\/wp\/v2\/media?parent=2500"}],"wp:term":[{"taxonomy":"category","embeddable":true,"href":"https:\/\/fleitas.com.uy\/en\/wp-json\/wp\/v2\/categories?post=2500"},{"taxonomy":"post_tag","embeddable":true,"href":"https:\/\/fleitas.com.uy\/en\/wp-json\/wp\/v2\/tags?post=2500"}],"curies":[{"name":"wp","href":"https:\/\/api.w.org\/{rel}","templated":true}]}}