{"id":2495,"date":"2020-08-27T11:47:08","date_gmt":"2020-08-27T14:47:08","guid":{"rendered":"http:\/\/fleitas.com.uy\/?p=2495"},"modified":"2020-08-27T12:01:01","modified_gmt":"2020-08-27T15:01:01","slug":"los-efectos-del-covid-19-en-el-comercio-internacional-y-la-logistica","status":"publish","type":"post","link":"https:\/\/fleitas.com.uy\/en\/los-efectos-del-covid-19-en-el-comercio-internacional-y-la-logistica\/","title":{"rendered":"Los efectos del COVID-19 en el comercio internacional y la log\u00edstica"},"content":{"rendered":"\n<h2 class=\"wp-block-heading\">Informe especial COVID-19<\/h2>\n\n\n\n<p><strong>A.<\/strong> Se desploma el comercio mundial.<\/p>\n\n\n\n<p><strong>B.<\/strong> El comercio de bienes de la regi\u00f3n cay\u00f3 un 17% entre enero y mayo de 2020.<\/p>\n\n\n\n<p><strong>C.<\/strong> El colapso del turismo arrastra a las exportaciones de servicios.<\/p>\n\n\n\n<p><strong>D.<\/strong> Los problemas en el transporte internacional traban el comercio regional.<\/p>\n\n\n\n<p><strong>E.<\/strong> Las exportaciones y las importaciones de bienes se reducir\u00edan en una cuarta parte en 2020.<\/p>\n\n\n\n<p><strong>F.<\/strong> Ante una econom\u00eda mundial m\u00e1s incierta y regionalizada, es imperativo profundizar la integraci\u00f3n regional.<\/p>\n\n\n\n<div class=\"wp-block-button\"><a class=\"wp-block-button__link has-background has-vivid-red-background-color no-border-radius\" href=\"http:\/\/fleitas.com.uy\/wp-content\/uploads\/2020\/08\/Los_efectos_del_COVID_19_en_el_comercio_internacional_y_la_logistica.pdf\" target=\"_blank\" rel=\"noreferrer noopener\">VER INFORME COMPLETO<\/a><\/div>\n\n\n\n<hr class=\"wp-block-separator is-style-wide\"\/>\n\n\n\n<p class=\"has-small-font-size\">Este Informe Especial es el sexto de una serie que elabora la <a href=\"https:\/\/www.cepal.org\/es\" target=\"_blank\" rel=\"noreferrer noopener\" aria-label=\"Comisi\u00f3n Econ\u00f3mica para Am\u00e9rica Latina  y el Caribe (se abre en una nueva pesta\u00f1a)\">Comisi\u00f3n Econ\u00f3mica para Am\u00e9rica Latina  y el Caribe<\/a> (CEPAL) sobre la evoluci\u00f3n y los efectos de la pandemia de COVID-19 en Am\u00e9rica Latina y  el Caribe. Sus an\u00e1lisis econ\u00f3micos y sociales se actualizar\u00e1n a medida que surja informaci\u00f3n relevante.  La Secretaria Ejecutiva de la CEPAL, Alicia B\u00e1rcena, dirigi\u00f3 la elaboraci\u00f3n de este Informe, con el apoyo  t\u00e9cnico de la Oficina del Secretario Ejecutivo Adjunto, Mario Cimoli, y de la Divisi\u00f3n de Comercio  Internacional e Integraci\u00f3n de la CEPAL.<\/p>\n\n\n\n<p class=\"has-small-font-size\"> Copyright \u00a9 Naciones Unidas, 2020<\/p>\n","protected":false},"excerpt":{"rendered":"<p>Informe especial COVID-19 A. Se desploma el comercio mundial. B. El comercio de bienes de la regi\u00f3n cay\u00f3 un 17% entre enero y mayo de 2020. C. El colapso del turismo arrastra a las exportaciones de servicios. D. Los problemas en el transporte internacional traban el comercio regional. E. Las exportaciones y las importaciones de&hellip;<\/p>\n","protected":false},"author":1,"featured_media":2499,"comment_status":"closed","ping_status":"closed","sticky":false,"template":"","format":"standard","meta":{"inline_featured_image":false,"ngg_post_thumbnail":0,"footnotes":""},"categories":[6],"tags":[71,80,81,154,84,155,85],"class_list":["post-2495","post","type-post","status-publish","format-standard","has-post-thumbnail","hentry","category-noticias","tag-comercio","tag-coronavirus","tag-covid-19","tag-efectos","tag-informe","tag-internacional","tag-logistica","entry","has-media"],"yoast_head":"<!-- This site is optimized with the Yoast SEO plugin v27.4 - https:\/\/yoast.com\/product\/yoast-seo-wordpress\/ -->\n<title>Los efectos del COVID-19 en el comercio internacional y la log\u00edstica - Abel Fleitas D\u00edaz &amp; Cia.<\/title>\n<meta name=\"robots\" content=\"index, follow, max-snippet:-1, max-image-preview:large, max-video-preview:-1\" \/>\n<link rel=\"canonical\" href=\"https:\/\/fleitas.com.uy\/los-efectos-del-covid-19-en-el-comercio-internacional-y-la-logistica\/\" \/>\n<meta property=\"og:locale\" content=\"en_US\" \/>\n<meta property=\"og:type\" content=\"article\" \/>\n<meta property=\"og:title\" content=\"Los efectos del COVID-19 en el comercio internacional y la log\u00edstica - Abel Fleitas D\u00edaz &amp; Cia.\" \/>\n<meta property=\"og:description\" content=\"Informe especial COVID-19 A. Se desploma el comercio mundial. B. El comercio de bienes de la regi\u00f3n cay\u00f3 un 17% entre enero y mayo de 2020. C. El colapso del turismo arrastra a las exportaciones de servicios. D. Los problemas en el transporte internacional traban el comercio regional. E. Las exportaciones y las importaciones de&hellip;\" \/>\n<meta property=\"og:url\" content=\"https:\/\/fleitas.com.uy\/los-efectos-del-covid-19-en-el-comercio-internacional-y-la-logistica\/\" \/>\n<meta property=\"og:site_name\" content=\"Abel Fleitas D\u00edaz &amp; Cia.\" \/>\n<meta property=\"article:publisher\" content=\"https:\/\/www.facebook.com\/Abel-Fleitas-D%c3%adaz-C%c3%ada-Despachantes-de-Aduana-553754364759931\/\" \/>\n<meta property=\"article:published_time\" content=\"2020-08-27T14:47:08+00:00\" \/>\n<meta property=\"article:modified_time\" content=\"2020-08-27T15:01:01+00:00\" \/>\n<meta property=\"og:image\" content=\"https:\/\/fleitas.com.uy\/wp-content\/uploads\/2020\/08\/destacada-20-08-27.jpg\" \/>\n\t<meta property=\"og:image:width\" content=\"1600\" \/>\n\t<meta property=\"og:image:height\" content=\"900\" \/>\n\t<meta property=\"og:image:type\" content=\"image\/jpeg\" \/>\n<meta name=\"author\" content=\"cmwebmaster\" \/>\n<meta name=\"twitter:card\" content=\"summary_large_image\" \/>\n<meta name=\"twitter:label1\" content=\"Written by\" \/>\n\t<meta name=\"twitter:data1\" content=\"cmwebmaster\" \/>\n\t<meta name=\"twitter:label2\" content=\"Est. reading time\" \/>\n\t<meta name=\"twitter:data2\" content=\"1 minute\" \/>\n<script type=\"application\/ld+json\" class=\"yoast-schema-graph\">{\"@context\":\"https:\\\/\\\/schema.org\",\"@graph\":[{\"@type\":\"Article\",\"@id\":\"https:\\\/\\\/fleitas.com.uy\\\/los-efectos-del-covid-19-en-el-comercio-internacional-y-la-logistica\\\/#article\",\"isPartOf\":{\"@id\":\"https:\\\/\\\/fleitas.com.uy\\\/los-efectos-del-covid-19-en-el-comercio-internacional-y-la-logistica\\\/\"},\"author\":{\"name\":\"cmwebmaster\",\"@id\":\"https:\\\/\\\/fleitas.com.uy\\\/#\\\/schema\\\/person\\\/b99b425ec14d7fa70a8436bb4b391c7c\"},\"headline\":\"Los efectos del COVID-19 en el comercio internacional y la log\u00edstica\",\"datePublished\":\"2020-08-27T14:47:08+00:00\",\"dateModified\":\"2020-08-27T15:01:01+00:00\",\"mainEntityOfPage\":{\"@id\":\"https:\\\/\\\/fleitas.com.uy\\\/los-efectos-del-covid-19-en-el-comercio-internacional-y-la-logistica\\\/\"},\"wordCount\":203,\"publisher\":{\"@id\":\"https:\\\/\\\/fleitas.com.uy\\\/#organization\"},\"image\":{\"@id\":\"https:\\\/\\\/fleitas.com.uy\\\/los-efectos-del-covid-19-en-el-comercio-internacional-y-la-logistica\\\/#primaryimage\"},\"thumbnailUrl\":\"https:\\\/\\\/fleitas.com.uy\\\/wp-content\\\/uploads\\\/2020\\\/08\\\/destacada-20-08-27.jpg\",\"keywords\":[\"comercio\",\"coronavirus\",\"covid-19\",\"efectos\",\"informe\",\"internacional\",\"log\u00edstica\"],\"articleSection\":[\"Noticias\"],\"inLanguage\":\"en-US\"},{\"@type\":\"WebPage\",\"@id\":\"https:\\\/\\\/fleitas.com.uy\\\/los-efectos-del-covid-19-en-el-comercio-internacional-y-la-logistica\\\/\",\"url\":\"https:\\\/\\\/fleitas.com.uy\\\/los-efectos-del-covid-19-en-el-comercio-internacional-y-la-logistica\\\/\",\"name\":\"Los efectos del COVID-19 en el comercio internacional y la log\u00edstica - Abel Fleitas D\u00edaz &amp; Cia.\",\"isPartOf\":{\"@id\":\"https:\\\/\\\/fleitas.com.uy\\\/#website\"},\"primaryImageOfPage\":{\"@id\":\"https:\\\/\\\/fleitas.com.uy\\\/los-efectos-del-covid-19-en-el-comercio-internacional-y-la-logistica\\\/#primaryimage\"},\"image\":{\"@id\":\"https:\\\/\\\/fleitas.com.uy\\\/los-efectos-del-covid-19-en-el-comercio-internacional-y-la-logistica\\\/#primaryimage\"},\"thumbnailUrl\":\"https:\\\/\\\/fleitas.com.uy\\\/wp-content\\\/uploads\\\/2020\\\/08\\\/destacada-20-08-27.jpg\",\"datePublished\":\"2020-08-27T14:47:08+00:00\",\"dateModified\":\"2020-08-27T15:01:01+00:00\",\"breadcrumb\":{\"@id\":\"https:\\\/\\\/fleitas.com.uy\\\/los-efectos-del-covid-19-en-el-comercio-internacional-y-la-logistica\\\/#breadcrumb\"},\"inLanguage\":\"en-US\",\"potentialAction\":[{\"@type\":\"ReadAction\",\"target\":[\"https:\\\/\\\/fleitas.com.uy\\\/los-efectos-del-covid-19-en-el-comercio-internacional-y-la-logistica\\\/\"]}]},{\"@type\":\"ImageObject\",\"inLanguage\":\"en-US\",\"@id\":\"https:\\\/\\\/fleitas.com.uy\\\/los-efectos-del-covid-19-en-el-comercio-internacional-y-la-logistica\\\/#primaryimage\",\"url\":\"https:\\\/\\\/fleitas.com.uy\\\/wp-content\\\/uploads\\\/2020\\\/08\\\/destacada-20-08-27.jpg\",\"contentUrl\":\"https:\\\/\\\/fleitas.com.uy\\\/wp-content\\\/uploads\\\/2020\\\/08\\\/destacada-20-08-27.jpg\",\"width\":1600,\"height\":900},{\"@type\":\"BreadcrumbList\",\"@id\":\"https:\\\/\\\/fleitas.com.uy\\\/los-efectos-del-covid-19-en-el-comercio-internacional-y-la-logistica\\\/#breadcrumb\",\"itemListElement\":[{\"@type\":\"ListItem\",\"position\":1,\"name\":\"Inicio\",\"item\":\"https:\\\/\\\/fleitas.com.uy\\\/en\\\/\"},{\"@type\":\"ListItem\",\"position\":2,\"name\":\"Los efectos del COVID-19 en el&hellip;\"}]},{\"@type\":\"WebSite\",\"@id\":\"https:\\\/\\\/fleitas.com.uy\\\/#website\",\"url\":\"https:\\\/\\\/fleitas.com.uy\\\/\",\"name\":\"Abel Fleitas D\u00edaz &amp; Cia.\",\"description\":\"Despachantes de Aduana en Uruguay\",\"publisher\":{\"@id\":\"https:\\\/\\\/fleitas.com.uy\\\/#organization\"},\"potentialAction\":[{\"@type\":\"SearchAction\",\"target\":{\"@type\":\"EntryPoint\",\"urlTemplate\":\"https:\\\/\\\/fleitas.com.uy\\\/?s={search_term_string}\"},\"query-input\":{\"@type\":\"PropertyValueSpecification\",\"valueRequired\":true,\"valueName\":\"search_term_string\"}}],\"inLanguage\":\"en-US\"},{\"@type\":\"Organization\",\"@id\":\"https:\\\/\\\/fleitas.com.uy\\\/#organization\",\"name\":\"Abel Fleitas D\u00edaz & Cia.\",\"url\":\"https:\\\/\\\/fleitas.com.uy\\\/\",\"logo\":{\"@type\":\"ImageObject\",\"inLanguage\":\"en-US\",\"@id\":\"https:\\\/\\\/fleitas.com.uy\\\/#\\\/schema\\\/logo\\\/image\\\/\",\"url\":\"https:\\\/\\\/fleitas.com.uy\\\/wp-content\\\/uploads\\\/2019\\\/08\\\/logo-fleitas-nr.svg\",\"contentUrl\":\"https:\\\/\\\/fleitas.com.uy\\\/wp-content\\\/uploads\\\/2019\\\/08\\\/logo-fleitas-nr.svg\",\"width\":1,\"height\":1,\"caption\":\"Abel Fleitas D\u00edaz & Cia.\"},\"image\":{\"@id\":\"https:\\\/\\\/fleitas.com.uy\\\/#\\\/schema\\\/logo\\\/image\\\/\"},\"sameAs\":[\"https:\\\/\\\/www.facebook.com\\\/Abel-Fleitas-D\u00edaz-C\u00eda-Despachantes-de-Aduana-553754364759931\\\/\",\"https:\\\/\\\/www.linkedin.com\\\/company\\\/abel-fleitas-diaz-&amp;-c\u00eda-\u2013-despachante-de-aduana-uruguay\"]},{\"@type\":\"Person\",\"@id\":\"https:\\\/\\\/fleitas.com.uy\\\/#\\\/schema\\\/person\\\/b99b425ec14d7fa70a8436bb4b391c7c\",\"name\":\"cmwebmaster\",\"url\":\"https:\\\/\\\/fleitas.com.uy\\\/en\\\/author\\\/cmwebmaster\\\/\"}]}<\/script>\n<!-- \/ Yoast SEO plugin. -->","yoast_head_json":{"title":"Los efectos del COVID-19 en el comercio internacional y la log\u00edstica - Abel Fleitas D\u00edaz &amp; Cia.","robots":{"index":"index","follow":"follow","max-snippet":"max-snippet:-1","max-image-preview":"max-image-preview:large","max-video-preview":"max-video-preview:-1"},"canonical":"https:\/\/fleitas.com.uy\/los-efectos-del-covid-19-en-el-comercio-internacional-y-la-logistica\/","og_locale":"en_US","og_type":"article","og_title":"Los efectos del COVID-19 en el comercio internacional y la log\u00edstica - Abel Fleitas D\u00edaz &amp; Cia.","og_description":"Informe especial COVID-19 A. Se desploma el comercio mundial. B. El comercio de bienes de la regi\u00f3n cay\u00f3 un 17% entre enero y mayo de 2020. C. El colapso del turismo arrastra a las exportaciones de servicios. D. Los problemas en el transporte internacional traban el comercio regional. E. Las exportaciones y las importaciones de&hellip;","og_url":"https:\/\/fleitas.com.uy\/los-efectos-del-covid-19-en-el-comercio-internacional-y-la-logistica\/","og_site_name":"Abel Fleitas D\u00edaz &amp; Cia.","article_publisher":"https:\/\/www.facebook.com\/Abel-Fleitas-D%c3%adaz-C%c3%ada-Despachantes-de-Aduana-553754364759931\/","article_published_time":"2020-08-27T14:47:08+00:00","article_modified_time":"2020-08-27T15:01:01+00:00","og_image":[{"width":1600,"height":900,"url":"https:\/\/fleitas.com.uy\/wp-content\/uploads\/2020\/08\/destacada-20-08-27.jpg","type":"image\/jpeg"}],"author":"cmwebmaster","twitter_card":"summary_large_image","twitter_misc":{"Written by":"cmwebmaster","Est. reading time":"1 minute"},"schema":{"@context":"https:\/\/schema.org","@graph":[{"@type":"Article","@id":"https:\/\/fleitas.com.uy\/los-efectos-del-covid-19-en-el-comercio-internacional-y-la-logistica\/#article","isPartOf":{"@id":"https:\/\/fleitas.com.uy\/los-efectos-del-covid-19-en-el-comercio-internacional-y-la-logistica\/"},"author":{"name":"cmwebmaster","@id":"https:\/\/fleitas.com.uy\/#\/schema\/person\/b99b425ec14d7fa70a8436bb4b391c7c"},"headline":"Los efectos del COVID-19 en el comercio internacional y la log\u00edstica","datePublished":"2020-08-27T14:47:08+00:00","dateModified":"2020-08-27T15:01:01+00:00","mainEntityOfPage":{"@id":"https:\/\/fleitas.com.uy\/los-efectos-del-covid-19-en-el-comercio-internacional-y-la-logistica\/"},"wordCount":203,"publisher":{"@id":"https:\/\/fleitas.com.uy\/#organization"},"image":{"@id":"https:\/\/fleitas.com.uy\/los-efectos-del-covid-19-en-el-comercio-internacional-y-la-logistica\/#primaryimage"},"thumbnailUrl":"https:\/\/fleitas.com.uy\/wp-content\/uploads\/2020\/08\/destacada-20-08-27.jpg","keywords":["comercio","coronavirus","covid-19","efectos","informe","internacional","log\u00edstica"],"articleSection":["Noticias"],"inLanguage":"en-US"},{"@type":"WebPage","@id":"https:\/\/fleitas.com.uy\/los-efectos-del-covid-19-en-el-comercio-internacional-y-la-logistica\/","url":"https:\/\/fleitas.com.uy\/los-efectos-del-covid-19-en-el-comercio-internacional-y-la-logistica\/","name":"Los efectos del COVID-19 en el comercio internacional y la log\u00edstica - Abel Fleitas D\u00edaz &amp; Cia.","isPartOf":{"@id":"https:\/\/fleitas.com.uy\/#website"},"primaryImageOfPage":{"@id":"https:\/\/fleitas.com.uy\/los-efectos-del-covid-19-en-el-comercio-internacional-y-la-logistica\/#primaryimage"},"image":{"@id":"https:\/\/fleitas.com.uy\/los-efectos-del-covid-19-en-el-comercio-internacional-y-la-logistica\/#primaryimage"},"thumbnailUrl":"https:\/\/fleitas.com.uy\/wp-content\/uploads\/2020\/08\/destacada-20-08-27.jpg","datePublished":"2020-08-27T14:47:08+00:00","dateModified":"2020-08-27T15:01:01+00:00","breadcrumb":{"@id":"https:\/\/fleitas.com.uy\/los-efectos-del-covid-19-en-el-comercio-internacional-y-la-logistica\/#breadcrumb"},"inLanguage":"en-US","potentialAction":[{"@type":"ReadAction","target":["https:\/\/fleitas.com.uy\/los-efectos-del-covid-19-en-el-comercio-internacional-y-la-logistica\/"]}]},{"@type":"ImageObject","inLanguage":"en-US","@id":"https:\/\/fleitas.com.uy\/los-efectos-del-covid-19-en-el-comercio-internacional-y-la-logistica\/#primaryimage","url":"https:\/\/fleitas.com.uy\/wp-content\/uploads\/2020\/08\/destacada-20-08-27.jpg","contentUrl":"https:\/\/fleitas.com.uy\/wp-content\/uploads\/2020\/08\/destacada-20-08-27.jpg","width":1600,"height":900},{"@type":"BreadcrumbList","@id":"https:\/\/fleitas.com.uy\/los-efectos-del-covid-19-en-el-comercio-internacional-y-la-logistica\/#breadcrumb","itemListElement":[{"@type":"ListItem","position":1,"name":"Inicio","item":"https:\/\/fleitas.com.uy\/en\/"},{"@type":"ListItem","position":2,"name":"Los efectos del COVID-19 en el&hellip;"}]},{"@type":"WebSite","@id":"https:\/\/fleitas.com.uy\/#website","url":"https:\/\/fleitas.com.uy\/","name":"Abel Fleitas D\u00edaz &amp; Cia.","description":"Despachantes de Aduana en Uruguay","publisher":{"@id":"https:\/\/fleitas.com.uy\/#organization"},"potentialAction":[{"@type":"SearchAction","target":{"@type":"EntryPoint","urlTemplate":"https:\/\/fleitas.com.uy\/?s={search_term_string}"},"query-input":{"@type":"PropertyValueSpecification","valueRequired":true,"valueName":"search_term_string"}}],"inLanguage":"en-US"},{"@type":"Organization","@id":"https:\/\/fleitas.com.uy\/#organization","name":"Abel Fleitas D\u00edaz & Cia.","url":"https:\/\/fleitas.com.uy\/","logo":{"@type":"ImageObject","inLanguage":"en-US","@id":"https:\/\/fleitas.com.uy\/#\/schema\/logo\/image\/","url":"https:\/\/fleitas.com.uy\/wp-content\/uploads\/2019\/08\/logo-fleitas-nr.svg","contentUrl":"https:\/\/fleitas.com.uy\/wp-content\/uploads\/2019\/08\/logo-fleitas-nr.svg","width":1,"height":1,"caption":"Abel Fleitas D\u00edaz & Cia."},"image":{"@id":"https:\/\/fleitas.com.uy\/#\/schema\/logo\/image\/"},"sameAs":["https:\/\/www.facebook.com\/Abel-Fleitas-D\u00edaz-C\u00eda-Despachantes-de-Aduana-553754364759931\/","https:\/\/www.linkedin.com\/company\/abel-fleitas-diaz-&amp;-c\u00eda-\u2013-despachante-de-aduana-uruguay"]},{"@type":"Person","@id":"https:\/\/fleitas.com.uy\/#\/schema\/person\/b99b425ec14d7fa70a8436bb4b391c7c","name":"cmwebmaster","url":"https:\/\/fleitas.com.uy\/en\/author\/cmwebmaster\/"}]}},"_links":{"self":[{"href":"https:\/\/fleitas.com.uy\/en\/wp-json\/wp\/v2\/posts\/2495","targetHints":{"allow":["GET"]}}],"collection":[{"href":"https:\/\/fleitas.com.uy\/en\/wp-json\/wp\/v2\/posts"}],"about":[{"href":"https:\/\/fleitas.com.uy\/en\/wp-json\/wp\/v2\/types\/post"}],"author":[{"embeddable":true,"href":"https:\/\/fleitas.com.uy\/en\/wp-json\/wp\/v2\/users\/1"}],"replies":[{"embeddable":true,"href":"https:\/\/fleitas.com.uy\/en\/wp-json\/wp\/v2\/comments?post=2495"}],"version-history":[{"count":2,"href":"https:\/\/fleitas.com.uy\/en\/wp-json\/wp\/v2\/posts\/2495\/revisions"}],"predecessor-version":[{"id":2498,"href":"https:\/\/fleitas.com.uy\/en\/wp-json\/wp\/v2\/posts\/2495\/revisions\/2498"}],"wp:featuredmedia":[{"embeddable":true,"href":"https:\/\/fleitas.com.uy\/en\/wp-json\/wp\/v2\/media\/2499"}],"wp:attachment":[{"href":"https:\/\/fleitas.com.uy\/en\/wp-json\/wp\/v2\/media?parent=2495"}],"wp:term":[{"taxonomy":"category","embeddable":true,"href":"https:\/\/fleitas.com.uy\/en\/wp-json\/wp\/v2\/categories?post=2495"},{"taxonomy":"post_tag","embeddable":true,"href":"https:\/\/fleitas.com.uy\/en\/wp-json\/wp\/v2\/tags?post=2495"}],"curies":[{"name":"wp","href":"https:\/\/api.w.org\/{rel}","templated":true}]}}