{"id":2240,"date":"2019-10-04T11:31:24","date_gmt":"2019-10-04T14:31:24","guid":{"rendered":"http:\/\/fleitas.com.uy\/?p=2240"},"modified":"2020-01-30T09:58:32","modified_gmt":"2020-01-30T12:58:32","slug":"resumen-debate-economico-agenda-economica-del-proximo-gobierno-elecciones-2019","status":"publish","type":"post","link":"https:\/\/fleitas.com.uy\/en\/resumen-debate-economico-agenda-economica-del-proximo-gobierno-elecciones-2019\/","title":{"rendered":"Resumen: Debate Econ\u00f3mico &#8211; Agenda Econ\u00f3mica del pr\u00f3ximo Gobierno Elecciones 2019"},"content":{"rendered":"\n<p>El d\u00eda 2 de octubre 2019 se llev\u00f3 a cabo la actividad&nbsp;<strong>\u201cAgenda Econ\u00f3mica del pr\u00f3ximo gobierno \u2013 Elecciones 2019\u201d<\/strong>, organizada por la C\u00e1mara Nacional de Comercio y Servicios del Uruguay (CNCS), con el objetivo de conocer las propuestas y prioridades en materia econ\u00f3mica de los tres principales candidatos a la presidencia.<\/p>\n\n\n\n<p>Las exposiciones estuvieron a cargo de los integrantes del equipo de asesores econ\u00f3micos de los principales partidos pol\u00edticos:&nbsp;<strong>Ec. Azucena Arbeleche<\/strong>&nbsp;del Partido Nacional,&nbsp;<strong>Ec. Christian Daude<\/strong>&nbsp;por el Frente Amplio, y la&nbsp;<strong>Ec. Ana In\u00e9s Zerbino<\/strong>&nbsp;por el Partido Colorado. El debate de propuestas econ\u00f3micas cont\u00f3 con la moderaci\u00f3n de la Ec. Ana Laura Fern\u00e1ndez, asesora econ\u00f3mica de la CNCS.<\/p>\n\n\n\n<p>El&nbsp;<strong>Sr. Julio C\u00e9sar Lestido<\/strong>, Presidente de la CNCS, fue el encargado de dar las palabras de bienvenida a los asistentes, en las cuales remarc\u00f3 la importancia del sector Comercio y Servicios como motor de la econom\u00eda del pa\u00eds, y de all\u00ed el inter\u00e9s en conocer las propuestas econ\u00f3micas de cara al futuro. Concretamente, en el a\u00f1o 2018 este sector represent\u00f3 el 67% del PIB de la econom\u00eda uruguaya, y en los \u00faltimos 13 a\u00f1os casi que duplic\u00f3 su valor agregado en el PIB global. Asimismo, desde el punto de vista de la generaci\u00f3n de puestos de trabajo, durante 2018 el sector emple\u00f3 aproximadamente 1.080.000 personas, lo que representa al 66% de la poblaci\u00f3n ocupada del pa\u00eds. Por \u00faltimo, el presidente destac\u00f3 el compromiso de la C\u00e1mara en trabajar de forma coordinada entre el sector privado y el sector p\u00fablico en la construcci\u00f3n de un clima de negocios que permita a las empresas crecer de forma sostenida en el tiempo, como generadoras de fuentes genuinas de trabajo para toda la sociedad.<\/p>\n\n\n\n<p>El debate se organiz\u00f3 en seis ejes tem\u00e1ticos. Los temas tratados no fueron elegidos al azar, sino que se definieron con el aporte y las preguntas que los asistentes plantearon de forma previa. Los ejes tem\u00e1ticos tratados fueron: Situaci\u00f3n Fiscal, Mercado de Trabajo, Reactivaci\u00f3n de las empresas con foco en las mipymes, Pol\u00edtica de Inserci\u00f3n Internacional, Inversi\u00f3n e Infraestructura, y finalmente Pol\u00edtica Cambiaria \u2013 Pol\u00edtica Monetaria.<\/p>\n\n\n\n<p>En cuanto a la&nbsp;<strong>situaci\u00f3n fiscal<\/strong>&nbsp;se reconoci\u00f3 por parte de todos los expositores los desaf\u00edos que representa el actual nivel de d\u00e9ficit fiscal y la importancia de implementar medidas para mejorar del resultado de las cuentas p\u00fablicas, sin incrementar la carga impositiva actual. Asimismo, se expuso sobre priorizar la calidad del gasto, mejorar la gobernanza de las empresas p\u00fablicas y llevar adelante una agenda de crecimiento econ\u00f3mico que act\u00fae sobre los ingresos del sector p\u00fablico.<\/p>\n\n\n\n<p>Respecto al&nbsp;<strong>mercado de trabajo<\/strong>, se debati\u00f3 sobre las principales restricciones que actualmente enfrenta hoy el empleo, con un consistente aumento del desempleo y ca\u00edda de los niveles de ocupaci\u00f3n en los principales sectores de actividad econ\u00f3mica. Se intercambiaron opiniones sobre el clima de las relaciones laborales actuales y la conflictividad laboral, con especial referencia sobre las ocupaciones en las empresas privadas por parte de los sindicatos sectoriales. En este sentido, se se\u00f1al\u00f3 la importancia de actuar sobre el funcionamiento de los consejos de salarios, considerando procesos de negociaci\u00f3n que contemplen tama\u00f1o y localizaci\u00f3n de las empresas, e incluyendo el tema de la medici\u00f3n de la productividad en la negociaci\u00f3n salarial. En relaci\u00f3n al tema puntual de las ocupaciones de las empresas surgieron dos posiciones: por un lado se se\u00f1al\u00f3 el hecho de que las ocupaciones atentan contra la propiedad privada y por lo tanto resultan inconstitucionales; y por otro lado se destac\u00f3 la importancia de generar y fortalecer procesos que protejan los intereses de todos los involucrados, siendo la ocupaci\u00f3n el \u00faltimo recurso adoptado en una situaci\u00f3n de conflictividad laboral.<\/p>\n\n\n\n<p>En relaci\u00f3n al tercer eje tem\u00e1tico se debati\u00f3 sobre las diferentes medidas para reducir el&nbsp;<strong>costo de la producci\u00f3n empresarial<\/strong>&nbsp;que afecta la rentabilidad de las empresas y por lo tanto los niveles de inversi\u00f3n que \u00e9stas realizan. En este eje se pregunt\u00f3 a los tres asesores econ\u00f3micos si les era posible identificar tres medias que entienden prioritarias y que llevar\u00edan adelante en caso de asumir el gobierno, con el objetivo de que las mipymes puedan lograr niveles de rentabilidad sostenibles en el tiempo. Es de destacar la variedad de medidas que fueron presentadas por los tres asesores econ\u00f3micos, demostrando que este es un tema que incide en gran medida en la ca\u00edda de la inversi\u00f3n privada que se viene experimentando en los \u00faltimos a\u00f1os, y que tiene como consecuencia la evidente destrucci\u00f3n de puestos de trabajo y el estancamiento econ\u00f3mico del pa\u00eds. Algunas de las medidas propuestas fueron las siguientes: reducci\u00f3n de tarifas p\u00fablicas, tarifas diferenciales seg\u00fan tama\u00f1o de las empresas, simplificaci\u00f3n de tr\u00e1mites, relacionar la carga tributaria de las empresas con su nivel de facturaci\u00f3n, facilitar el pasaje del r\u00e9gimen de tributaci\u00f3n de las empresas (por ejemplo de peque\u00f1a a grande), exoneraci\u00f3n de IRAE y aportes patronales por un a\u00f1o a empresas nacientes, entre otras medidas.<\/p>\n\n\n\n<p>El cuarto eje tem\u00e1tico trat\u00f3 sobre la&nbsp;<strong>Pol\u00edtica de Inserci\u00f3n Internacional<\/strong>, la postura que se tomar\u00e1 respecto al MERCOSUR, y las acciones que se pretenden llevar adelante en el marco de los nuevos acuerdos firmados recientemente con los bloques EFTA y Uni\u00f3n Europea. En este sentido se debati\u00f3 sobre las diferentes propuestas que tienen como objetivo potenciar los beneficios de esta apertura, y al mismo tiempo mitigar los efectos negativos que puedan enfrentar determinados sectores de actividad. Uno de los puntos de discusi\u00f3n que estuvo presente fue la construcci\u00f3n de la agenda de inserci\u00f3n internacional basada en cuestiones ideol\u00f3gicas o por el contrario basada en el pragmatismo. Poner el foco de las futuras negociaciones en Asia, con foco en China fue compartido por los tres asesores.<\/p>\n\n\n\n<p>En cuanto al quinto eje tem\u00e1tico,&nbsp;<strong>Inversi\u00f3n e Infraestructura<\/strong>, no solo se mencionaron los diferentes proyectos de infraestructura multimodal que cada partido prev\u00e9 realizar, sino que adem\u00e1s se debatieron aspectos particulares en relaci\u00f3n a posibles modificaciones en el r\u00e9gimen de Participaci\u00f3n P\u00fablico \u2013 Privada, as\u00ed como modificaciones en la Ley 16.906 de Promoci\u00f3n de Inversiones.<\/p>\n\n\n\n<p>Finalmente, se discutieron aspectos sobre&nbsp;<strong>pol\u00edtica monetaria y cambiaria<\/strong>, haciendo foco en una posible pol\u00edtica de frontera que logren mitigar el desajuste de precios relativos que el pa\u00eds enfrenta actualmente respecto a los pa\u00edses vecinos. Se destac\u00f3 tambi\u00e9n en este eje diversas medidas de corto plazo mencionadas por los asesores, mostrando una vez m\u00e1s el conocimiento consciente de la situaci\u00f3n que actualmente enfrentan los comerciantes de frontera. En cuanto a la pol\u00edtica cambiaria, todas las partes coincidieron en la necesidad de continuar con una pol\u00edtica de flotaci\u00f3n del tipo de cambio con intervenciones puntuales para mitigar eventuales shocks externos.<\/p>\n\n\n\n<h2 class=\"wp-block-heading\">Reflexi\u00f3n final:<\/h2>\n\n\n\n<p><a rel=\"noreferrer noopener\" aria-label=\"Azucena Arbeleche (abre en una nueva pesta\u00f1a)\" href=\"https:\/\/www.youtube.com\/watch?v=Yo84SrEOjAo\" target=\"_blank\">Azucena Arbeleche<\/a> <br><a href=\"https:\/\/www.youtube.com\/watch?v=twCbcU-21iU\">Ana In\u00e9s Zerbino<\/a> <br><a rel=\"noreferrer noopener\" aria-label=\"Christian Daude (abre en una nueva pesta\u00f1a)\" href=\"https:\/\/www.youtube.com\/watch?v=QA7FCdQfQMU\" target=\"_blank\">Christian Daude<\/a> <\/p>\n\n\n\n<hr class=\"wp-block-separator is-style-wide\"\/>\n\n\n\n<p class=\"has-small-font-size\">Fuente: <a href=\"http:\/\/www.cncs.com.uy\/\">C\u00e1mara Nacional de Comercio y Servicios del Uruguay<\/a><\/p>\n","protected":false},"excerpt":{"rendered":"<p>El d\u00eda 2 de octubre 2019 se llev\u00f3 a cabo la actividad&nbsp;\u201cAgenda Econ\u00f3mica del pr\u00f3ximo gobierno \u2013 Elecciones 2019\u201d, organizada por la C\u00e1mara Nacional de Comercio y Servicios del Uruguay (CNCS), con el objetivo de conocer las propuestas y prioridades en materia econ\u00f3mica de los tres principales candidatos a la presidencia. Las exposiciones estuvieron a&hellip;<\/p>\n","protected":false},"author":1,"featured_media":2241,"comment_status":"closed","ping_status":"closed","sticky":false,"template":"","format":"standard","meta":{"inline_featured_image":false,"ngg_post_thumbnail":0,"footnotes":""},"categories":[6],"tags":[31,32],"class_list":["post-2240","post","type-post","status-publish","format-standard","has-post-thumbnail","hentry","category-noticias","tag-camara-nacional-de-comercio-y-servicios-del-uruguay","tag-debate-economico","entry","has-media"],"yoast_head":"<!-- This site is optimized with the Yoast SEO plugin v27.4 - https:\/\/yoast.com\/product\/yoast-seo-wordpress\/ -->\n<title>Resumen: Debate Econ\u00f3mico - Agenda Econ\u00f3mica del pr\u00f3ximo Gobierno Elecciones 2019 - Abel Fleitas D\u00edaz &amp; Cia.<\/title>\n<meta name=\"robots\" content=\"index, follow, max-snippet:-1, max-image-preview:large, max-video-preview:-1\" \/>\n<link rel=\"canonical\" href=\"https:\/\/fleitas.com.uy\/en\/resumen-debate-economico-agenda-economica-del-proximo-gobierno-elecciones-2019\/\" \/>\n<meta property=\"og:locale\" content=\"en_US\" \/>\n<meta property=\"og:type\" content=\"article\" \/>\n<meta property=\"og:title\" content=\"Resumen: Debate Econ\u00f3mico - Agenda Econ\u00f3mica del pr\u00f3ximo Gobierno Elecciones 2019 - Abel Fleitas D\u00edaz &amp; Cia.\" \/>\n<meta property=\"og:description\" content=\"El d\u00eda 2 de octubre 2019 se llev\u00f3 a cabo la actividad&nbsp;\u201cAgenda Econ\u00f3mica del pr\u00f3ximo gobierno \u2013 Elecciones 2019\u201d, organizada por la C\u00e1mara Nacional de Comercio y Servicios del Uruguay (CNCS), con el objetivo de conocer las propuestas y prioridades en materia econ\u00f3mica de los tres principales candidatos a la presidencia. Las exposiciones estuvieron a&hellip;\" \/>\n<meta property=\"og:url\" content=\"https:\/\/fleitas.com.uy\/en\/resumen-debate-economico-agenda-economica-del-proximo-gobierno-elecciones-2019\/\" \/>\n<meta property=\"og:site_name\" content=\"Abel Fleitas D\u00edaz &amp; Cia.\" \/>\n<meta property=\"article:publisher\" content=\"https:\/\/www.facebook.com\/Abel-Fleitas-D%c3%adaz-C%c3%ada-Despachantes-de-Aduana-553754364759931\/\" \/>\n<meta property=\"article:published_time\" content=\"2019-10-04T14:31:24+00:00\" \/>\n<meta property=\"article:modified_time\" content=\"2020-01-30T12:58:32+00:00\" \/>\n<meta property=\"og:image\" content=\"https:\/\/fleitas.com.uy\/wp-content\/uploads\/2019\/10\/cncs-nota-blog.jpg\" \/>\n\t<meta property=\"og:image:width\" content=\"1600\" \/>\n\t<meta property=\"og:image:height\" content=\"900\" \/>\n\t<meta property=\"og:image:type\" content=\"image\/jpeg\" \/>\n<meta name=\"author\" content=\"cmwebmaster\" \/>\n<meta name=\"twitter:card\" content=\"summary_large_image\" \/>\n<meta name=\"twitter:label1\" content=\"Written by\" \/>\n\t<meta name=\"twitter:data1\" content=\"cmwebmaster\" \/>\n\t<meta name=\"twitter:label2\" content=\"Est. reading time\" \/>\n\t<meta name=\"twitter:data2\" content=\"6 minutes\" \/>\n<script type=\"application\/ld+json\" class=\"yoast-schema-graph\">{\"@context\":\"https:\\\/\\\/schema.org\",\"@graph\":[{\"@type\":\"Article\",\"@id\":\"https:\\\/\\\/fleitas.com.uy\\\/en\\\/resumen-debate-economico-agenda-economica-del-proximo-gobierno-elecciones-2019\\\/#article\",\"isPartOf\":{\"@id\":\"https:\\\/\\\/fleitas.com.uy\\\/en\\\/resumen-debate-economico-agenda-economica-del-proximo-gobierno-elecciones-2019\\\/\"},\"author\":{\"name\":\"cmwebmaster\",\"@id\":\"https:\\\/\\\/fleitas.com.uy\\\/#\\\/schema\\\/person\\\/b99b425ec14d7fa70a8436bb4b391c7c\"},\"headline\":\"Resumen: Debate Econ\u00f3mico &#8211; Agenda Econ\u00f3mica del pr\u00f3ximo Gobierno Elecciones 2019\",\"datePublished\":\"2019-10-04T14:31:24+00:00\",\"dateModified\":\"2020-01-30T12:58:32+00:00\",\"mainEntityOfPage\":{\"@id\":\"https:\\\/\\\/fleitas.com.uy\\\/en\\\/resumen-debate-economico-agenda-economica-del-proximo-gobierno-elecciones-2019\\\/\"},\"wordCount\":1239,\"publisher\":{\"@id\":\"https:\\\/\\\/fleitas.com.uy\\\/#organization\"},\"image\":{\"@id\":\"https:\\\/\\\/fleitas.com.uy\\\/en\\\/resumen-debate-economico-agenda-economica-del-proximo-gobierno-elecciones-2019\\\/#primaryimage\"},\"thumbnailUrl\":\"https:\\\/\\\/fleitas.com.uy\\\/wp-content\\\/uploads\\\/2019\\\/10\\\/cncs-nota-blog.jpg\",\"keywords\":[\"C\u00e1mara Nacional de Comercio y Servicios del Uruguay\",\"debate econ\u00f3mico\"],\"articleSection\":[\"Noticias\"],\"inLanguage\":\"en-US\"},{\"@type\":\"WebPage\",\"@id\":\"https:\\\/\\\/fleitas.com.uy\\\/en\\\/resumen-debate-economico-agenda-economica-del-proximo-gobierno-elecciones-2019\\\/\",\"url\":\"https:\\\/\\\/fleitas.com.uy\\\/en\\\/resumen-debate-economico-agenda-economica-del-proximo-gobierno-elecciones-2019\\\/\",\"name\":\"Resumen: Debate Econ\u00f3mico - Agenda Econ\u00f3mica del pr\u00f3ximo Gobierno Elecciones 2019 - Abel Fleitas D\u00edaz &amp; Cia.\",\"isPartOf\":{\"@id\":\"https:\\\/\\\/fleitas.com.uy\\\/#website\"},\"primaryImageOfPage\":{\"@id\":\"https:\\\/\\\/fleitas.com.uy\\\/en\\\/resumen-debate-economico-agenda-economica-del-proximo-gobierno-elecciones-2019\\\/#primaryimage\"},\"image\":{\"@id\":\"https:\\\/\\\/fleitas.com.uy\\\/en\\\/resumen-debate-economico-agenda-economica-del-proximo-gobierno-elecciones-2019\\\/#primaryimage\"},\"thumbnailUrl\":\"https:\\\/\\\/fleitas.com.uy\\\/wp-content\\\/uploads\\\/2019\\\/10\\\/cncs-nota-blog.jpg\",\"datePublished\":\"2019-10-04T14:31:24+00:00\",\"dateModified\":\"2020-01-30T12:58:32+00:00\",\"breadcrumb\":{\"@id\":\"https:\\\/\\\/fleitas.com.uy\\\/en\\\/resumen-debate-economico-agenda-economica-del-proximo-gobierno-elecciones-2019\\\/#breadcrumb\"},\"inLanguage\":\"en-US\",\"potentialAction\":[{\"@type\":\"ReadAction\",\"target\":[\"https:\\\/\\\/fleitas.com.uy\\\/en\\\/resumen-debate-economico-agenda-economica-del-proximo-gobierno-elecciones-2019\\\/\"]}]},{\"@type\":\"ImageObject\",\"inLanguage\":\"en-US\",\"@id\":\"https:\\\/\\\/fleitas.com.uy\\\/en\\\/resumen-debate-economico-agenda-economica-del-proximo-gobierno-elecciones-2019\\\/#primaryimage\",\"url\":\"https:\\\/\\\/fleitas.com.uy\\\/wp-content\\\/uploads\\\/2019\\\/10\\\/cncs-nota-blog.jpg\",\"contentUrl\":\"https:\\\/\\\/fleitas.com.uy\\\/wp-content\\\/uploads\\\/2019\\\/10\\\/cncs-nota-blog.jpg\",\"width\":1600,\"height\":900},{\"@type\":\"BreadcrumbList\",\"@id\":\"https:\\\/\\\/fleitas.com.uy\\\/en\\\/resumen-debate-economico-agenda-economica-del-proximo-gobierno-elecciones-2019\\\/#breadcrumb\",\"itemListElement\":[{\"@type\":\"ListItem\",\"position\":1,\"name\":\"Inicio\",\"item\":\"https:\\\/\\\/fleitas.com.uy\\\/en\\\/\"},{\"@type\":\"ListItem\",\"position\":2,\"name\":\"Resumen: Debate Econ\u00f3mico &#8211; Agenda Econ\u00f3mica&hellip;\"}]},{\"@type\":\"WebSite\",\"@id\":\"https:\\\/\\\/fleitas.com.uy\\\/#website\",\"url\":\"https:\\\/\\\/fleitas.com.uy\\\/\",\"name\":\"Abel Fleitas D\u00edaz &amp; Cia.\",\"description\":\"Despachantes de Aduana en Uruguay\",\"publisher\":{\"@id\":\"https:\\\/\\\/fleitas.com.uy\\\/#organization\"},\"potentialAction\":[{\"@type\":\"SearchAction\",\"target\":{\"@type\":\"EntryPoint\",\"urlTemplate\":\"https:\\\/\\\/fleitas.com.uy\\\/?s={search_term_string}\"},\"query-input\":{\"@type\":\"PropertyValueSpecification\",\"valueRequired\":true,\"valueName\":\"search_term_string\"}}],\"inLanguage\":\"en-US\"},{\"@type\":\"Organization\",\"@id\":\"https:\\\/\\\/fleitas.com.uy\\\/#organization\",\"name\":\"Abel Fleitas D\u00edaz & Cia.\",\"url\":\"https:\\\/\\\/fleitas.com.uy\\\/\",\"logo\":{\"@type\":\"ImageObject\",\"inLanguage\":\"en-US\",\"@id\":\"https:\\\/\\\/fleitas.com.uy\\\/#\\\/schema\\\/logo\\\/image\\\/\",\"url\":\"https:\\\/\\\/fleitas.com.uy\\\/wp-content\\\/uploads\\\/2019\\\/08\\\/logo-fleitas-nr.svg\",\"contentUrl\":\"https:\\\/\\\/fleitas.com.uy\\\/wp-content\\\/uploads\\\/2019\\\/08\\\/logo-fleitas-nr.svg\",\"width\":1,\"height\":1,\"caption\":\"Abel Fleitas D\u00edaz & Cia.\"},\"image\":{\"@id\":\"https:\\\/\\\/fleitas.com.uy\\\/#\\\/schema\\\/logo\\\/image\\\/\"},\"sameAs\":[\"https:\\\/\\\/www.facebook.com\\\/Abel-Fleitas-D\u00edaz-C\u00eda-Despachantes-de-Aduana-553754364759931\\\/\",\"https:\\\/\\\/www.linkedin.com\\\/company\\\/abel-fleitas-diaz-&amp;-c\u00eda-\u2013-despachante-de-aduana-uruguay\"]},{\"@type\":\"Person\",\"@id\":\"https:\\\/\\\/fleitas.com.uy\\\/#\\\/schema\\\/person\\\/b99b425ec14d7fa70a8436bb4b391c7c\",\"name\":\"cmwebmaster\",\"url\":\"https:\\\/\\\/fleitas.com.uy\\\/en\\\/author\\\/cmwebmaster\\\/\"}]}<\/script>\n<!-- \/ Yoast SEO plugin. -->","yoast_head_json":{"title":"Resumen: Debate Econ\u00f3mico - Agenda Econ\u00f3mica del pr\u00f3ximo Gobierno Elecciones 2019 - Abel Fleitas D\u00edaz &amp; Cia.","robots":{"index":"index","follow":"follow","max-snippet":"max-snippet:-1","max-image-preview":"max-image-preview:large","max-video-preview":"max-video-preview:-1"},"canonical":"https:\/\/fleitas.com.uy\/en\/resumen-debate-economico-agenda-economica-del-proximo-gobierno-elecciones-2019\/","og_locale":"en_US","og_type":"article","og_title":"Resumen: Debate Econ\u00f3mico - Agenda Econ\u00f3mica del pr\u00f3ximo Gobierno Elecciones 2019 - Abel Fleitas D\u00edaz &amp; Cia.","og_description":"El d\u00eda 2 de octubre 2019 se llev\u00f3 a cabo la actividad&nbsp;\u201cAgenda Econ\u00f3mica del pr\u00f3ximo gobierno \u2013 Elecciones 2019\u201d, organizada por la C\u00e1mara Nacional de Comercio y Servicios del Uruguay (CNCS), con el objetivo de conocer las propuestas y prioridades en materia econ\u00f3mica de los tres principales candidatos a la presidencia. Las exposiciones estuvieron a&hellip;","og_url":"https:\/\/fleitas.com.uy\/en\/resumen-debate-economico-agenda-economica-del-proximo-gobierno-elecciones-2019\/","og_site_name":"Abel Fleitas D\u00edaz &amp; Cia.","article_publisher":"https:\/\/www.facebook.com\/Abel-Fleitas-D%c3%adaz-C%c3%ada-Despachantes-de-Aduana-553754364759931\/","article_published_time":"2019-10-04T14:31:24+00:00","article_modified_time":"2020-01-30T12:58:32+00:00","og_image":[{"width":1600,"height":900,"url":"https:\/\/fleitas.com.uy\/wp-content\/uploads\/2019\/10\/cncs-nota-blog.jpg","type":"image\/jpeg"}],"author":"cmwebmaster","twitter_card":"summary_large_image","twitter_misc":{"Written by":"cmwebmaster","Est. reading time":"6 minutes"},"schema":{"@context":"https:\/\/schema.org","@graph":[{"@type":"Article","@id":"https:\/\/fleitas.com.uy\/en\/resumen-debate-economico-agenda-economica-del-proximo-gobierno-elecciones-2019\/#article","isPartOf":{"@id":"https:\/\/fleitas.com.uy\/en\/resumen-debate-economico-agenda-economica-del-proximo-gobierno-elecciones-2019\/"},"author":{"name":"cmwebmaster","@id":"https:\/\/fleitas.com.uy\/#\/schema\/person\/b99b425ec14d7fa70a8436bb4b391c7c"},"headline":"Resumen: Debate Econ\u00f3mico &#8211; Agenda Econ\u00f3mica del pr\u00f3ximo Gobierno Elecciones 2019","datePublished":"2019-10-04T14:31:24+00:00","dateModified":"2020-01-30T12:58:32+00:00","mainEntityOfPage":{"@id":"https:\/\/fleitas.com.uy\/en\/resumen-debate-economico-agenda-economica-del-proximo-gobierno-elecciones-2019\/"},"wordCount":1239,"publisher":{"@id":"https:\/\/fleitas.com.uy\/#organization"},"image":{"@id":"https:\/\/fleitas.com.uy\/en\/resumen-debate-economico-agenda-economica-del-proximo-gobierno-elecciones-2019\/#primaryimage"},"thumbnailUrl":"https:\/\/fleitas.com.uy\/wp-content\/uploads\/2019\/10\/cncs-nota-blog.jpg","keywords":["C\u00e1mara Nacional de Comercio y Servicios del Uruguay","debate econ\u00f3mico"],"articleSection":["Noticias"],"inLanguage":"en-US"},{"@type":"WebPage","@id":"https:\/\/fleitas.com.uy\/en\/resumen-debate-economico-agenda-economica-del-proximo-gobierno-elecciones-2019\/","url":"https:\/\/fleitas.com.uy\/en\/resumen-debate-economico-agenda-economica-del-proximo-gobierno-elecciones-2019\/","name":"Resumen: Debate Econ\u00f3mico - Agenda Econ\u00f3mica del pr\u00f3ximo Gobierno Elecciones 2019 - Abel Fleitas D\u00edaz &amp; Cia.","isPartOf":{"@id":"https:\/\/fleitas.com.uy\/#website"},"primaryImageOfPage":{"@id":"https:\/\/fleitas.com.uy\/en\/resumen-debate-economico-agenda-economica-del-proximo-gobierno-elecciones-2019\/#primaryimage"},"image":{"@id":"https:\/\/fleitas.com.uy\/en\/resumen-debate-economico-agenda-economica-del-proximo-gobierno-elecciones-2019\/#primaryimage"},"thumbnailUrl":"https:\/\/fleitas.com.uy\/wp-content\/uploads\/2019\/10\/cncs-nota-blog.jpg","datePublished":"2019-10-04T14:31:24+00:00","dateModified":"2020-01-30T12:58:32+00:00","breadcrumb":{"@id":"https:\/\/fleitas.com.uy\/en\/resumen-debate-economico-agenda-economica-del-proximo-gobierno-elecciones-2019\/#breadcrumb"},"inLanguage":"en-US","potentialAction":[{"@type":"ReadAction","target":["https:\/\/fleitas.com.uy\/en\/resumen-debate-economico-agenda-economica-del-proximo-gobierno-elecciones-2019\/"]}]},{"@type":"ImageObject","inLanguage":"en-US","@id":"https:\/\/fleitas.com.uy\/en\/resumen-debate-economico-agenda-economica-del-proximo-gobierno-elecciones-2019\/#primaryimage","url":"https:\/\/fleitas.com.uy\/wp-content\/uploads\/2019\/10\/cncs-nota-blog.jpg","contentUrl":"https:\/\/fleitas.com.uy\/wp-content\/uploads\/2019\/10\/cncs-nota-blog.jpg","width":1600,"height":900},{"@type":"BreadcrumbList","@id":"https:\/\/fleitas.com.uy\/en\/resumen-debate-economico-agenda-economica-del-proximo-gobierno-elecciones-2019\/#breadcrumb","itemListElement":[{"@type":"ListItem","position":1,"name":"Inicio","item":"https:\/\/fleitas.com.uy\/en\/"},{"@type":"ListItem","position":2,"name":"Resumen: Debate Econ\u00f3mico &#8211; Agenda Econ\u00f3mica&hellip;"}]},{"@type":"WebSite","@id":"https:\/\/fleitas.com.uy\/#website","url":"https:\/\/fleitas.com.uy\/","name":"Abel Fleitas D\u00edaz &amp; Cia.","description":"Despachantes de Aduana en Uruguay","publisher":{"@id":"https:\/\/fleitas.com.uy\/#organization"},"potentialAction":[{"@type":"SearchAction","target":{"@type":"EntryPoint","urlTemplate":"https:\/\/fleitas.com.uy\/?s={search_term_string}"},"query-input":{"@type":"PropertyValueSpecification","valueRequired":true,"valueName":"search_term_string"}}],"inLanguage":"en-US"},{"@type":"Organization","@id":"https:\/\/fleitas.com.uy\/#organization","name":"Abel Fleitas D\u00edaz & Cia.","url":"https:\/\/fleitas.com.uy\/","logo":{"@type":"ImageObject","inLanguage":"en-US","@id":"https:\/\/fleitas.com.uy\/#\/schema\/logo\/image\/","url":"https:\/\/fleitas.com.uy\/wp-content\/uploads\/2019\/08\/logo-fleitas-nr.svg","contentUrl":"https:\/\/fleitas.com.uy\/wp-content\/uploads\/2019\/08\/logo-fleitas-nr.svg","width":1,"height":1,"caption":"Abel Fleitas D\u00edaz & Cia."},"image":{"@id":"https:\/\/fleitas.com.uy\/#\/schema\/logo\/image\/"},"sameAs":["https:\/\/www.facebook.com\/Abel-Fleitas-D\u00edaz-C\u00eda-Despachantes-de-Aduana-553754364759931\/","https:\/\/www.linkedin.com\/company\/abel-fleitas-diaz-&amp;-c\u00eda-\u2013-despachante-de-aduana-uruguay"]},{"@type":"Person","@id":"https:\/\/fleitas.com.uy\/#\/schema\/person\/b99b425ec14d7fa70a8436bb4b391c7c","name":"cmwebmaster","url":"https:\/\/fleitas.com.uy\/en\/author\/cmwebmaster\/"}]}},"_links":{"self":[{"href":"https:\/\/fleitas.com.uy\/en\/wp-json\/wp\/v2\/posts\/2240","targetHints":{"allow":["GET"]}}],"collection":[{"href":"https:\/\/fleitas.com.uy\/en\/wp-json\/wp\/v2\/posts"}],"about":[{"href":"https:\/\/fleitas.com.uy\/en\/wp-json\/wp\/v2\/types\/post"}],"author":[{"embeddable":true,"href":"https:\/\/fleitas.com.uy\/en\/wp-json\/wp\/v2\/users\/1"}],"replies":[{"embeddable":true,"href":"https:\/\/fleitas.com.uy\/en\/wp-json\/wp\/v2\/comments?post=2240"}],"version-history":[{"count":3,"href":"https:\/\/fleitas.com.uy\/en\/wp-json\/wp\/v2\/posts\/2240\/revisions"}],"predecessor-version":[{"id":2306,"href":"https:\/\/fleitas.com.uy\/en\/wp-json\/wp\/v2\/posts\/2240\/revisions\/2306"}],"wp:featuredmedia":[{"embeddable":true,"href":"https:\/\/fleitas.com.uy\/en\/wp-json\/wp\/v2\/media\/2241"}],"wp:attachment":[{"href":"https:\/\/fleitas.com.uy\/en\/wp-json\/wp\/v2\/media?parent=2240"}],"wp:term":[{"taxonomy":"category","embeddable":true,"href":"https:\/\/fleitas.com.uy\/en\/wp-json\/wp\/v2\/categories?post=2240"},{"taxonomy":"post_tag","embeddable":true,"href":"https:\/\/fleitas.com.uy\/en\/wp-json\/wp\/v2\/tags?post=2240"}],"curies":[{"name":"wp","href":"https:\/\/api.w.org\/{rel}","templated":true}]}}